{"id":2116,"date":"2023-01-22T13:34:57","date_gmt":"2023-01-22T13:34:57","guid":{"rendered":"https:\/\/zupnija-brezice.si\/?p=2116"},"modified":"2023-01-22T15:48:54","modified_gmt":"2023-01-22T15:48:54","slug":"celjski-skof-dr-maksimilijan-zibert-daroval-sv-maso-v-breziski-farni-cerkvi-sv-lovrenca","status":"publish","type":"post","link":"https:\/\/zupnija-brezice.si\/?p=2116","title":{"rendered":"Celjski \u0161kof dr. Maksimilijan Matja\u017e daroval sv. ma\u0161o v bre\u017ei\u0161ki farni cerkvi Sv. Lovrenca"},"content":{"rendered":"\n<figure class=\"wp-block-gallery has-nested-images columns-default is-cropped wp-block-gallery-1 is-layout-flex wp-block-gallery-is-layout-flex\">\n<figure class=\"wp-block-image size-large\"><img loading=\"lazy\" decoding=\"async\" width=\"500\" height=\"281\" data-id=\"2117\" src=\"https:\/\/zupnija-brezice.si\/wp-content\/uploads\/2023\/01\/Obisk-M-Skofa.jpg\" alt=\"\" class=\"wp-image-2117\" srcset=\"https:\/\/zupnija-brezice.si\/wp-content\/uploads\/2023\/01\/Obisk-M-Skofa.jpg 500w, https:\/\/zupnija-brezice.si\/wp-content\/uploads\/2023\/01\/Obisk-M-Skofa-300x169.jpg 300w\" sizes=\"auto, (max-width: 500px) 100vw, 500px\" \/><\/figure>\n\n\n\n<figure class=\"wp-block-image size-large\"><img loading=\"lazy\" decoding=\"async\" width=\"500\" height=\"281\" data-id=\"2118\" src=\"https:\/\/zupnija-brezice.si\/wp-content\/uploads\/2023\/01\/Obisk-M-Skofa_1.jpg\" alt=\"\" class=\"wp-image-2118\" srcset=\"https:\/\/zupnija-brezice.si\/wp-content\/uploads\/2023\/01\/Obisk-M-Skofa_1.jpg 500w, https:\/\/zupnija-brezice.si\/wp-content\/uploads\/2023\/01\/Obisk-M-Skofa_1-300x169.jpg 300w\" sizes=\"auto, (max-width: 500px) 100vw, 500px\" \/><\/figure>\n\n\n\n<figure class=\"wp-block-image size-large\"><img loading=\"lazy\" decoding=\"async\" width=\"500\" height=\"281\" data-id=\"2120\" src=\"https:\/\/zupnija-brezice.si\/wp-content\/uploads\/2023\/01\/Obisk-M-Skofa_2.jpg\" alt=\"\" class=\"wp-image-2120\" srcset=\"https:\/\/zupnija-brezice.si\/wp-content\/uploads\/2023\/01\/Obisk-M-Skofa_2.jpg 500w, https:\/\/zupnija-brezice.si\/wp-content\/uploads\/2023\/01\/Obisk-M-Skofa_2-300x169.jpg 300w\" sizes=\"auto, (max-width: 500px) 100vw, 500px\" \/><\/figure>\n\n\n\n<figure class=\"wp-block-image size-large\"><img loading=\"lazy\" decoding=\"async\" width=\"500\" height=\"281\" data-id=\"2119\" src=\"https:\/\/zupnija-brezice.si\/wp-content\/uploads\/2023\/01\/Obisk-M-Skofa_3.jpg\" alt=\"\" class=\"wp-image-2119\" srcset=\"https:\/\/zupnija-brezice.si\/wp-content\/uploads\/2023\/01\/Obisk-M-Skofa_3.jpg 500w, https:\/\/zupnija-brezice.si\/wp-content\/uploads\/2023\/01\/Obisk-M-Skofa_3-300x169.jpg 300w\" sizes=\"auto, (max-width: 500px) 100vw, 500px\" \/><\/figure>\n\n\n\n<figure class=\"wp-block-image size-large\"><img loading=\"lazy\" decoding=\"async\" width=\"500\" height=\"297\" data-id=\"2121\" src=\"https:\/\/zupnija-brezice.si\/wp-content\/uploads\/2023\/01\/Obisk-M-Skofa_5.jpg\" alt=\"\" class=\"wp-image-2121\" srcset=\"https:\/\/zupnija-brezice.si\/wp-content\/uploads\/2023\/01\/Obisk-M-Skofa_5.jpg 500w, https:\/\/zupnija-brezice.si\/wp-content\/uploads\/2023\/01\/Obisk-M-Skofa_5-300x178.jpg 300w\" sizes=\"auto, (max-width: 500px) 100vw, 500px\" \/><\/figure>\n<\/figure>\n\n\n\n<p>Na nedeljo zavetnika Sv.Vincencija ( Diakon in mu\u010denec sv. Vincencij je v za\u010detku 4. stol. izpri\u010dal svojo neomajno vero v Kristusa: znal je govoriti prepri\u010dljivo in bil v trpljenju mo\u010dan. &#8211; Na Slovenskem je sv. Vincencij v visokih \u010dasteh predvsem v vinorodnih krajih \u2013 morda zaradi svojega imena, ki ga je ljudstvo docela napa\u010dno izvajalo iz \u2018vina\u2019. Ime v resnici izhaja iz latinske besede \u2018vincens\u2019 in pomeni \u2018zmagujo\u010d\u2019.)<\/p>\n\n\n\n<p>je na\u0161o bre\u017ei\u0161ko \u017eupnij Sv.Lovrenca v Bre\u017eicah obiskal celjski \u0161kof dr. Maksimilijan Matja\u017e in daroval sv. ma\u0161o. Prisr\u010dno sre\u010danje z \u017eupljani pa se je nadaljevalo tudi zunaj pred cerkvijo. Dana\u0161nja nedelja je tudi nedelja Svetega pisma.<\/p>\n","protected":false},"excerpt":{"rendered":"<p>Na nedeljo zavetnika Sv.Vincencija ( Diakon in mu\u010denec sv. Vincencij je v za\u010detku 4. stol. izpri\u010dal svojo neomajno vero v Kristusa: znal je govoriti prepri\u010dljivo in bil v trpljenju mo\u010dan. [&hellip;]<\/p>\n","protected":false},"author":1,"featured_media":0,"comment_status":"closed","ping_status":"open","sticky":false,"template":"","format":"standard","meta":{"footnotes":""},"categories":[4],"tags":[],"class_list":["post-2116","post","type-post","status-publish","format-standard","hentry","category-obvestila"],"_links":{"self":[{"href":"https:\/\/zupnija-brezice.si\/index.php?rest_route=\/wp\/v2\/posts\/2116","targetHints":{"allow":["GET"]}}],"collection":[{"href":"https:\/\/zupnija-brezice.si\/index.php?rest_route=\/wp\/v2\/posts"}],"about":[{"href":"https:\/\/zupnija-brezice.si\/index.php?rest_route=\/wp\/v2\/types\/post"}],"author":[{"embeddable":true,"href":"https:\/\/zupnija-brezice.si\/index.php?rest_route=\/wp\/v2\/users\/1"}],"replies":[{"embeddable":true,"href":"https:\/\/zupnija-brezice.si\/index.php?rest_route=%2Fwp%2Fv2%2Fcomments&post=2116"}],"version-history":[{"count":3,"href":"https:\/\/zupnija-brezice.si\/index.php?rest_route=\/wp\/v2\/posts\/2116\/revisions"}],"predecessor-version":[{"id":2125,"href":"https:\/\/zupnija-brezice.si\/index.php?rest_route=\/wp\/v2\/posts\/2116\/revisions\/2125"}],"wp:attachment":[{"href":"https:\/\/zupnija-brezice.si\/index.php?rest_route=%2Fwp%2Fv2%2Fmedia&parent=2116"}],"wp:term":[{"taxonomy":"category","embeddable":true,"href":"https:\/\/zupnija-brezice.si\/index.php?rest_route=%2Fwp%2Fv2%2Fcategories&post=2116"},{"taxonomy":"post_tag","embeddable":true,"href":"https:\/\/zupnija-brezice.si\/index.php?rest_route=%2Fwp%2Fv2%2Ftags&post=2116"}],"curies":[{"name":"wp","href":"https:\/\/api.w.org\/{rel}","templated":true}]}}